{"id":23192,"date":"2025-05-05T13:29:01","date_gmt":"2025-05-05T12:29:01","guid":{"rendered":"https:\/\/mespack.com\/sin-categorizar\/mas-alla-de-la-caja-desempaquetando-el-poder-del-empaque-en-el-comportamiento-del-consumidor-final\/"},"modified":"2025-05-07T07:41:13","modified_gmt":"2025-05-07T06:41:13","slug":"mas-alla-de-la-caja-desempaquetando-el-poder-del-empaque-en-el-comportamiento-del-consumidor-final","status":"publish","type":"post","link":"https:\/\/mespack.com\/es\/novedades\/mas-alla-de-la-caja-desempaquetando-el-poder-del-empaque-en-el-comportamiento-del-consumidor-final\/","title":{"rendered":"M\u00e1s all\u00e1 de la caja: Desempaquetando el poder del empaque en el comportamiento del consumidor final"},"content":{"rendered":"\n<p>En el mercado competitivo de hoy, donde las marcas y los productos compiten por la atenci\u00f3n en el estante, el empaque es m\u00e1s que protecci\u00f3n. Es una herramienta estrat\u00e9gica de marketing y sirve como una poderosa primera impresi\u00f3n. Es la primera conexi\u00f3n f\u00edsica y visual entre una marca y su consumidor, y puede influir directamente en la percepci\u00f3n, la conexi\u00f3n emocional y las decisiones de compra. Aunque la calidad del producto es esencial, un empaque impactante desempe\u00f1a un papel crucial en guiar las elecciones de los consumidores: qu\u00e9 producto se toma o se deja pasar.<\/p>\n\n<p><strong>La Psicolog\u00eda del Empaque:<\/strong><\/p>\n\n<p>El empaque va m\u00e1s all\u00e1 de ser un simple contenedor. Es un lienzo para contar la historia de la marca y un canal para la conexi\u00f3n emocional. Los seres humanos son inherentemente criaturas visuales, y nuestros cerebros procesan la informaci\u00f3n visual mucho m\u00e1s r\u00e1pido que el texto. Esto explica por qu\u00e9 un empaque visualmente atractivo puede captar la atenci\u00f3n al instante y despertar el inter\u00e9s.<br\/><\/p>\n\n<p>M\u00e1s all\u00e1 de lo visual, la experiencia t\u00e1ctil tambi\u00e9n influye en el comportamiento del consumidor. Un acabado suave y mate puede transmitir calidad premium, mientras que una superficie texturizada puede sugerir artesan\u00eda natural o artesanal.<br\/><\/p>\n\n<p>Adem\u00e1s, el empaque act\u00faa como un vendedor silencioso, transmitiendo informaci\u00f3n crucial a los consumidores. Comunica informaci\u00f3n sobre el producto, la identidad de la marca y la propuesta de valor.<br\/><\/p>\n\n<p><strong>Tendencias Clave que Est\u00e1n Moldeando el Dise\u00f1o de Empaque:<\/strong><\/p>\n\n<p>La industria del empaque est\u00e1 en constante evoluci\u00f3n, por lo que los productores deben adaptarse para satisfacer las cambiantes preferencias de los consumidores y los avances tecnol\u00f3gicos, los cuales est\u00e1n impulsados por:<br\/><\/p>\n\n<ul class=\"wp-block-list\">\n<li><strong>Sostenibilidad<\/strong> \u2013 Los consumidores exigen cada vez m\u00e1s soluciones de empaque ecol\u00f3gicas, especialmente los j\u00f3venes, que est\u00e1n cada vez m\u00e1s conscientes de su huella de carbono. Los formatos sostenibles ya no son opcionales, son una expectativa.<\/li>\n<\/ul>\n\n<ul class=\"wp-block-list\">\n<li><strong>Personalizaci\u00f3n<\/strong> \u2013 La personalizaci\u00f3n y la customizaci\u00f3n se est\u00e1n volviendo cada vez m\u00e1s populares y crean experiencias memorables. Las marcas est\u00e1n utilizando cada vez m\u00e1s opciones de empaque personalizadas para satisfacer las preferencias individuales y fomentar la lealtad y el compromiso.<\/li>\n<\/ul>\n\n<ul class=\"wp-block-list\">\n<li><strong>Conveniencia y Accesibilidad<\/strong> \u2013 Los formatos de empaque flexible est\u00e1n superando a los r\u00edgidos. Los formatos listos para comer est\u00e1n en aumento. El empaque f\u00e1cil de abrir, el etiquetado claro y los elementos t\u00e1ctiles se est\u00e1n convirtiendo en una pr\u00e1ctica est\u00e1ndar.<\/li>\n<\/ul>\n\n<ul class=\"wp-block-list\">\n<li><strong>Empaque Inteligente<\/strong>: La tecnolog\u00eda est\u00e1 transformando el empaque en herramientas de comunicaci\u00f3n interactivas e inteligentes. Se est\u00e1n utilizando c\u00f3digos QR, realidad aumentada (AR) y comunicaci\u00f3n de campo cercano (NFC) para proporcionar a los consumidores informaci\u00f3n adicional, involucrarlos con contenido interactivo y mejorar la experiencia general del producto.<\/li>\n<\/ul>\n\n<ul class=\"wp-block-list\">\n<li><strong>Minimalismo<\/strong>: Menos es m\u00e1s. Los dise\u00f1os limpios y simples est\u00e1n ganando popularidad. El empaque minimalista enfatiza la funcionalidad y la sostenibilidad, atrayendo a los consumidores que valoran la simplicidad y la autenticidad.<\/li>\n<\/ul>\n\n<ul class=\"wp-block-list\">\n<li><strong>Informaci\u00f3n Clara del Producto<\/strong>: La transparencia y la informaci\u00f3n son clave. La precisi\u00f3n y la impresi\u00f3n legible, los detalles intactos sobre el valor nutricional, las instrucciones de uso y la construcci\u00f3n de la confianza del consumidor son fundamentales.<\/li>\n<\/ul>\n\n<ul class=\"wp-block-list\">\n<li><strong>Preferencias Locales y \u00c9ticas<\/strong> &#8211; El empaque de origen \u00e9tico y producido localmente est\u00e1 ganando favor entre los consumidores orientados por valores.<\/li>\n<\/ul>\n\n<p><strong>Embalaje que Desempe\u00f1a &#8211; C\u00f3mo Mespack Puede Agregar Valor<\/strong><\/p>\n\n<p>En <strong>Mespack<\/strong>, vamos m\u00e1s all\u00e1 de las m\u00e1quinas: somos tu socio en innovaci\u00f3n de embalajes, ayud\u00e1ndote a alinearte con las demandas de hoy y las expectativas de ma\u00f1ana:<\/p>\n\n<ul class=\"wp-block-list\">\n<li><strong>Tecnolog\u00eda de Selado Inteligente<\/strong>: A trav\u00e9s de una estrecha colaboraci\u00f3n con nuestros socios, hemos desarrollado una avanzada tecnolog\u00eda de selado digital compatible tanto con m\u00e1quinas de sellado por forma y llenado horizontales como verticales. Esta innovaci\u00f3n garantiza un control preciso de la temperatura de selado, permitiendo dise\u00f1os complejos de sach\u00eas y haci\u00e9ndola especialmente adecuada para aplicaciones de empaques sostenibles y de mono-material. Tambi\u00e9n ofrecemos soporte para la integraci\u00f3n de Athena IIoT, lo que permite el seguimiento de datos en tiempo real, an\u00e1lisis de rendimiento y mantenimiento predictivo\u2014garantizando la longevidad de tus l\u00edneas de empaque.<\/li>\n\n\n\n<li><strong>Formatos Sostenibles<\/strong>: Las m\u00e1quinas Mespack apoyan a las marcas en la transici\u00f3n hacia empaques ecol\u00f3gicos, incluyendo sach\u00eas reciclables, compostables y de mono-material. Materiales como poliolefinas, mono PE, mono PP y opciones biodegradables como PHA, PHB y PLA son totalmente compatibles con nuestro equipo. Para los pods Hydroforma, utilizamos pel\u00edcula de alcohol polivin\u00edlico (PVOH), que es biodegradable en menos de 90 d\u00edas, ofreciendo una soluci\u00f3n altamente sostenible.<\/li>\n\n\n\n<li><strong>Soluciones Especiales de Embalaje<\/strong>: Nuestras m\u00e1quinas son capaces de producir empaques a prueba de ni\u00f1os, lo que las convierte en una opci\u00f3n ideal para aplicaciones farmac\u00e9uticas donde la seguridad y el cumplimiento son esenciales. Adem\u00e1s, ofrecemos soluciones para bicos invertidos, especialmente adecuados para la dosificaci\u00f3n m\u00faltiple de productos l\u00edquidos o en gel. Este formato mejora la precisi\u00f3n en la dispensaci\u00f3n, mejora la higiene del producto y favorece la conveniencia para el uso en movimiento, especialmente en segmentos como medicamentos OTC, cuidado personal y soluciones concentradas de limpieza.<\/li>\n\n\n\n<li><strong>Sistemas Avanzados de Selado<\/strong>: Nuestras m\u00e1quinas cuentan con sistemas de selado avanzados dise\u00f1ados para satisfacer las demandas en evoluci\u00f3n de los empaques sostenibles. Esto incluye tecnolog\u00eda de pre-calentamiento de bico, que mejora la integridad del sello\u2014especialmente al trabajar con pel\u00edculas de mono-material\u2014garantizando sellos fuertes y confiables mientras se mantienen altas velocidades de producci\u00f3n. Adem\u00e1s, ofrecemos soluciones de mono-material con bico frontal que reducen el impacto ambiental sin sacrificar la funcionalidad, lo que las hace ideales para marcas comprometidas con la sostenibilidad sin comprometer el rendimiento del empaque.<\/li>\n\n\n\n<li><strong>Versatilidad<\/strong>: Las m\u00e1quinas Mespack est\u00e1n dise\u00f1adas para manejar una amplia gama de formas, tama\u00f1os y formatos de sach\u00eas, ofreciendo m\u00e1xima flexibilidad para diversas necesidades de empaque. Con hasta 4 estaciones de llenado, pueden procesar una gran variedad de productos\u2014incluyendo l\u00edquidos, pastas, polvos y gr\u00e1nulos\u2014en una sola plataforma. Ya sea produciendo sach\u00eas est\u00e1ndar, con formas especiales, con bico o stand-up, las soluciones Mespack garantizan una adaptaci\u00f3n fluida a las diferentes demandas del mercado y tipos de productos.<\/li>\n\n\n\n<li><strong>Desempe\u00f1o y Eficiencia<\/strong>: Con cambios r\u00e1pidos, desenrolladores autosplice y altas velocidades de producci\u00f3n, nuestra tecnolog\u00eda minimiza el tiempo de inactividad y maximiza la producci\u00f3n y el retorno sobre la inversi\u00f3n (ROI).<\/li>\n\n\n\n<li><strong>Apreciaci\u00f3n de la Experiencia del Consumidor:<\/strong> Desde la presencia atractiva en las estanter\u00edas hasta los momentos de desempaque, nuestro empaque flexible mejora el atractivo visual, la experiencia t\u00e1ctil y la conexi\u00f3n con la marca.<\/li>\n<\/ul>\n\n<p>D\u00e9janos ayudarte a crear un empaque flexible que no solo proteja tu producto, sino que tambi\u00e9n se conecte con tus consumidores a un nivel m\u00e1s profundo, impulsando las ventas y construyendo una lealtad duradera a la marca. Haz una alianza con nosotros hoy y juntos podemos desbloquear todo el potencial de tu empaque.<br\/><\/p>\n","protected":false},"excerpt":{"rendered":"<p>En el mercado competitivo de hoy, donde las marcas y los productos compiten por la atenci\u00f3n en el estante, el empaque es m\u00e1s que protecci\u00f3n. Es una herramienta estrat\u00e9gica de marketing y sirve como una poderosa primera impresi\u00f3n. Es la primera conexi\u00f3n f\u00edsica y visual entre una marca y su consumidor, y puede influir directamente [&hellip;]<\/p>\n","protected":false},"author":21,"featured_media":23154,"comment_status":"closed","ping_status":"closed","sticky":false,"template":"","format":"standard","meta":{"_acf_changed":false,"footnotes":""},"categories":[367],"tags":[],"class_list":["post-23192","post","type-post","status-publish","format-standard","has-post-thumbnail","hentry","category-novedades"],"acf":[],"yoast_head":"<!-- This site is optimized with the Yoast SEO plugin v27.4 - https:\/\/yoast.com\/product\/yoast-seo-wordpress\/ -->\n<title>Desempaquetando el Poder del Empaque en el Comportamiento del Consumidor Final<\/title>\n<meta name=\"description\" content=\"M\u00e1s all\u00e1 de la caja: Desempaquetando el poder del empaque en el comportamiento del consumidor final\" \/>\n<meta name=\"robots\" content=\"index, follow, max-snippet:-1, max-image-preview:large, max-video-preview:-1\" \/>\n<link rel=\"canonical\" href=\"https:\/\/mespack.com\/es\/novedades\/mas-alla-de-la-caja-desempaquetando-el-poder-del-empaque-en-el-comportamiento-del-consumidor-final\/\" \/>\n<meta property=\"og:locale\" content=\"es_ES\" \/>\n<meta property=\"og:type\" content=\"article\" \/>\n<meta property=\"og:title\" content=\"Desempaquetando el Poder del Empaque en el Comportamiento del Consumidor Final\" \/>\n<meta property=\"og:description\" content=\"M\u00e1s all\u00e1 de la caja: Desempaquetando el poder del empaque en el comportamiento del consumidor final\" \/>\n<meta property=\"og:url\" content=\"https:\/\/mespack.com\/es\/novedades\/mas-alla-de-la-caja-desempaquetando-el-poder-del-empaque-en-el-comportamiento-del-consumidor-final\/\" \/>\n<meta property=\"og:site_name\" content=\"Mespack\" \/>\n<meta property=\"article:published_time\" content=\"2025-05-05T12:29:01+00:00\" \/>\n<meta property=\"article:modified_time\" content=\"2025-05-07T06:41:13+00:00\" \/>\n<meta property=\"og:image\" content=\"https:\/\/mespack.com\/wp-content\/uploads\/2025\/05\/Well-Being-Carrusel-Linkedin-1080-x-1080-px.jpg\" \/>\n\t<meta property=\"og:image:width\" content=\"1080\" \/>\n\t<meta property=\"og:image:height\" content=\"1080\" \/>\n\t<meta property=\"og:image:type\" content=\"image\/jpeg\" \/>\n<meta name=\"author\" content=\"monica\" \/>\n<meta name=\"twitter:card\" content=\"summary_large_image\" \/>\n<meta name=\"twitter:label1\" content=\"Escrito por\" \/>\n\t<meta name=\"twitter:data1\" content=\"monica\" \/>\n\t<meta name=\"twitter:label2\" content=\"Tiempo de lectura\" \/>\n\t<meta name=\"twitter:data2\" content=\"6 minutos\" \/>\n<script type=\"application\/ld+json\" class=\"yoast-schema-graph\">{\"@context\":\"https:\\\/\\\/schema.org\",\"@graph\":[{\"@type\":\"Article\",\"@id\":\"https:\\\/\\\/mespack.com\\\/es\\\/novedades\\\/mas-alla-de-la-caja-desempaquetando-el-poder-del-empaque-en-el-comportamiento-del-consumidor-final\\\/#article\",\"isPartOf\":{\"@id\":\"https:\\\/\\\/mespack.com\\\/es\\\/novedades\\\/mas-alla-de-la-caja-desempaquetando-el-poder-del-empaque-en-el-comportamiento-del-consumidor-final\\\/\"},\"author\":{\"name\":\"monica\",\"@id\":\"https:\\\/\\\/mespack.com\\\/es\\\/#\\\/schema\\\/person\\\/6c04e6d8ca9e469317c8066490c6c622\"},\"headline\":\"M\u00e1s all\u00e1 de la caja: Desempaquetando el poder del empaque en el comportamiento del consumidor final\",\"datePublished\":\"2025-05-05T12:29:01+00:00\",\"dateModified\":\"2025-05-07T06:41:13+00:00\",\"mainEntityOfPage\":{\"@id\":\"https:\\\/\\\/mespack.com\\\/es\\\/novedades\\\/mas-alla-de-la-caja-desempaquetando-el-poder-del-empaque-en-el-comportamiento-del-consumidor-final\\\/\"},\"wordCount\":1242,\"publisher\":{\"@id\":\"https:\\\/\\\/mespack.com\\\/es\\\/#organization\"},\"image\":{\"@id\":\"https:\\\/\\\/mespack.com\\\/es\\\/novedades\\\/mas-alla-de-la-caja-desempaquetando-el-poder-del-empaque-en-el-comportamiento-del-consumidor-final\\\/#primaryimage\"},\"thumbnailUrl\":\"https:\\\/\\\/mespack.com\\\/wp-content\\\/uploads\\\/2025\\\/05\\\/Well-Being-Carrusel-Linkedin-1080-x-1080-px.jpg\",\"articleSection\":[\"Novedades\"],\"inLanguage\":\"es\"},{\"@type\":\"WebPage\",\"@id\":\"https:\\\/\\\/mespack.com\\\/es\\\/novedades\\\/mas-alla-de-la-caja-desempaquetando-el-poder-del-empaque-en-el-comportamiento-del-consumidor-final\\\/\",\"url\":\"https:\\\/\\\/mespack.com\\\/es\\\/novedades\\\/mas-alla-de-la-caja-desempaquetando-el-poder-del-empaque-en-el-comportamiento-del-consumidor-final\\\/\",\"name\":\"Desempaquetando el Poder del Empaque en el Comportamiento del Consumidor Final\",\"isPartOf\":{\"@id\":\"https:\\\/\\\/mespack.com\\\/es\\\/#website\"},\"primaryImageOfPage\":{\"@id\":\"https:\\\/\\\/mespack.com\\\/es\\\/novedades\\\/mas-alla-de-la-caja-desempaquetando-el-poder-del-empaque-en-el-comportamiento-del-consumidor-final\\\/#primaryimage\"},\"image\":{\"@id\":\"https:\\\/\\\/mespack.com\\\/es\\\/novedades\\\/mas-alla-de-la-caja-desempaquetando-el-poder-del-empaque-en-el-comportamiento-del-consumidor-final\\\/#primaryimage\"},\"thumbnailUrl\":\"https:\\\/\\\/mespack.com\\\/wp-content\\\/uploads\\\/2025\\\/05\\\/Well-Being-Carrusel-Linkedin-1080-x-1080-px.jpg\",\"datePublished\":\"2025-05-05T12:29:01+00:00\",\"dateModified\":\"2025-05-07T06:41:13+00:00\",\"description\":\"M\u00e1s all\u00e1 de la caja: Desempaquetando el poder del empaque en el comportamiento del consumidor final\",\"breadcrumb\":{\"@id\":\"https:\\\/\\\/mespack.com\\\/es\\\/novedades\\\/mas-alla-de-la-caja-desempaquetando-el-poder-del-empaque-en-el-comportamiento-del-consumidor-final\\\/#breadcrumb\"},\"inLanguage\":\"es\",\"potentialAction\":[{\"@type\":\"ReadAction\",\"target\":[\"https:\\\/\\\/mespack.com\\\/es\\\/novedades\\\/mas-alla-de-la-caja-desempaquetando-el-poder-del-empaque-en-el-comportamiento-del-consumidor-final\\\/\"]}]},{\"@type\":\"ImageObject\",\"inLanguage\":\"es\",\"@id\":\"https:\\\/\\\/mespack.com\\\/es\\\/novedades\\\/mas-alla-de-la-caja-desempaquetando-el-poder-del-empaque-en-el-comportamiento-del-consumidor-final\\\/#primaryimage\",\"url\":\"https:\\\/\\\/mespack.com\\\/wp-content\\\/uploads\\\/2025\\\/05\\\/Well-Being-Carrusel-Linkedin-1080-x-1080-px.jpg\",\"contentUrl\":\"https:\\\/\\\/mespack.com\\\/wp-content\\\/uploads\\\/2025\\\/05\\\/Well-Being-Carrusel-Linkedin-1080-x-1080-px.jpg\",\"width\":1080,\"height\":1080},{\"@type\":\"BreadcrumbList\",\"@id\":\"https:\\\/\\\/mespack.com\\\/es\\\/novedades\\\/mas-alla-de-la-caja-desempaquetando-el-poder-del-empaque-en-el-comportamiento-del-consumidor-final\\\/#breadcrumb\",\"itemListElement\":[{\"@type\":\"ListItem\",\"position\":1,\"name\":\"Home\",\"item\":\"https:\\\/\\\/mespack.com\\\/es\\\/\"},{\"@type\":\"ListItem\",\"position\":2,\"name\":\"M\u00e1s all\u00e1 de la caja: Desempaquetando el poder del empaque en el comportamiento del consumidor final\"}]},{\"@type\":\"WebSite\",\"@id\":\"https:\\\/\\\/mespack.com\\\/es\\\/#website\",\"url\":\"https:\\\/\\\/mespack.com\\\/es\\\/\",\"name\":\"Mespack\",\"description\":\"A Duravant Company\",\"publisher\":{\"@id\":\"https:\\\/\\\/mespack.com\\\/es\\\/#organization\"},\"potentialAction\":[{\"@type\":\"SearchAction\",\"target\":{\"@type\":\"EntryPoint\",\"urlTemplate\":\"https:\\\/\\\/mespack.com\\\/es\\\/?s={search_term_string}\"},\"query-input\":{\"@type\":\"PropertyValueSpecification\",\"valueRequired\":true,\"valueName\":\"search_term_string\"}}],\"inLanguage\":\"es\"},{\"@type\":\"Organization\",\"@id\":\"https:\\\/\\\/mespack.com\\\/es\\\/#organization\",\"name\":\"Mespack\",\"url\":\"https:\\\/\\\/mespack.com\\\/es\\\/\",\"logo\":{\"@type\":\"ImageObject\",\"inLanguage\":\"es\",\"@id\":\"https:\\\/\\\/mespack.com\\\/es\\\/#\\\/schema\\\/logo\\\/image\\\/\",\"url\":\"https:\\\/\\\/mespack.com\\\/wp-content\\\/uploads\\\/2021\\\/07\\\/logo-mespack-1.svg\",\"contentUrl\":\"https:\\\/\\\/mespack.com\\\/wp-content\\\/uploads\\\/2021\\\/07\\\/logo-mespack-1.svg\",\"width\":1,\"height\":1,\"caption\":\"Mespack\"},\"image\":{\"@id\":\"https:\\\/\\\/mespack.com\\\/es\\\/#\\\/schema\\\/logo\\\/image\\\/\"},\"sameAs\":[\"https:\\\/\\\/www.linkedin.com\\\/company\\\/mespack\\\/\"]},{\"@type\":\"Person\",\"@id\":\"https:\\\/\\\/mespack.com\\\/es\\\/#\\\/schema\\\/person\\\/6c04e6d8ca9e469317c8066490c6c622\",\"name\":\"monica\"}]}<\/script>\n<!-- \/ Yoast SEO plugin. -->","yoast_head_json":{"title":"Desempaquetando el Poder del Empaque en el Comportamiento del Consumidor Final","description":"M\u00e1s all\u00e1 de la caja: Desempaquetando el poder del empaque en el comportamiento del consumidor final","robots":{"index":"index","follow":"follow","max-snippet":"max-snippet:-1","max-image-preview":"max-image-preview:large","max-video-preview":"max-video-preview:-1"},"canonical":"https:\/\/mespack.com\/es\/novedades\/mas-alla-de-la-caja-desempaquetando-el-poder-del-empaque-en-el-comportamiento-del-consumidor-final\/","og_locale":"es_ES","og_type":"article","og_title":"Desempaquetando el Poder del Empaque en el Comportamiento del Consumidor Final","og_description":"M\u00e1s all\u00e1 de la caja: Desempaquetando el poder del empaque en el comportamiento del consumidor final","og_url":"https:\/\/mespack.com\/es\/novedades\/mas-alla-de-la-caja-desempaquetando-el-poder-del-empaque-en-el-comportamiento-del-consumidor-final\/","og_site_name":"Mespack","article_published_time":"2025-05-05T12:29:01+00:00","article_modified_time":"2025-05-07T06:41:13+00:00","og_image":[{"width":1080,"height":1080,"url":"https:\/\/mespack.com\/wp-content\/uploads\/2025\/05\/Well-Being-Carrusel-Linkedin-1080-x-1080-px.jpg","type":"image\/jpeg"}],"author":"monica","twitter_card":"summary_large_image","twitter_misc":{"Escrito por":"monica","Tiempo de lectura":"6 minutos"},"schema":{"@context":"https:\/\/schema.org","@graph":[{"@type":"Article","@id":"https:\/\/mespack.com\/es\/novedades\/mas-alla-de-la-caja-desempaquetando-el-poder-del-empaque-en-el-comportamiento-del-consumidor-final\/#article","isPartOf":{"@id":"https:\/\/mespack.com\/es\/novedades\/mas-alla-de-la-caja-desempaquetando-el-poder-del-empaque-en-el-comportamiento-del-consumidor-final\/"},"author":{"name":"monica","@id":"https:\/\/mespack.com\/es\/#\/schema\/person\/6c04e6d8ca9e469317c8066490c6c622"},"headline":"M\u00e1s all\u00e1 de la caja: Desempaquetando el poder del empaque en el comportamiento del consumidor final","datePublished":"2025-05-05T12:29:01+00:00","dateModified":"2025-05-07T06:41:13+00:00","mainEntityOfPage":{"@id":"https:\/\/mespack.com\/es\/novedades\/mas-alla-de-la-caja-desempaquetando-el-poder-del-empaque-en-el-comportamiento-del-consumidor-final\/"},"wordCount":1242,"publisher":{"@id":"https:\/\/mespack.com\/es\/#organization"},"image":{"@id":"https:\/\/mespack.com\/es\/novedades\/mas-alla-de-la-caja-desempaquetando-el-poder-del-empaque-en-el-comportamiento-del-consumidor-final\/#primaryimage"},"thumbnailUrl":"https:\/\/mespack.com\/wp-content\/uploads\/2025\/05\/Well-Being-Carrusel-Linkedin-1080-x-1080-px.jpg","articleSection":["Novedades"],"inLanguage":"es"},{"@type":"WebPage","@id":"https:\/\/mespack.com\/es\/novedades\/mas-alla-de-la-caja-desempaquetando-el-poder-del-empaque-en-el-comportamiento-del-consumidor-final\/","url":"https:\/\/mespack.com\/es\/novedades\/mas-alla-de-la-caja-desempaquetando-el-poder-del-empaque-en-el-comportamiento-del-consumidor-final\/","name":"Desempaquetando el Poder del Empaque en el Comportamiento del Consumidor Final","isPartOf":{"@id":"https:\/\/mespack.com\/es\/#website"},"primaryImageOfPage":{"@id":"https:\/\/mespack.com\/es\/novedades\/mas-alla-de-la-caja-desempaquetando-el-poder-del-empaque-en-el-comportamiento-del-consumidor-final\/#primaryimage"},"image":{"@id":"https:\/\/mespack.com\/es\/novedades\/mas-alla-de-la-caja-desempaquetando-el-poder-del-empaque-en-el-comportamiento-del-consumidor-final\/#primaryimage"},"thumbnailUrl":"https:\/\/mespack.com\/wp-content\/uploads\/2025\/05\/Well-Being-Carrusel-Linkedin-1080-x-1080-px.jpg","datePublished":"2025-05-05T12:29:01+00:00","dateModified":"2025-05-07T06:41:13+00:00","description":"M\u00e1s all\u00e1 de la caja: Desempaquetando el poder del empaque en el comportamiento del consumidor final","breadcrumb":{"@id":"https:\/\/mespack.com\/es\/novedades\/mas-alla-de-la-caja-desempaquetando-el-poder-del-empaque-en-el-comportamiento-del-consumidor-final\/#breadcrumb"},"inLanguage":"es","potentialAction":[{"@type":"ReadAction","target":["https:\/\/mespack.com\/es\/novedades\/mas-alla-de-la-caja-desempaquetando-el-poder-del-empaque-en-el-comportamiento-del-consumidor-final\/"]}]},{"@type":"ImageObject","inLanguage":"es","@id":"https:\/\/mespack.com\/es\/novedades\/mas-alla-de-la-caja-desempaquetando-el-poder-del-empaque-en-el-comportamiento-del-consumidor-final\/#primaryimage","url":"https:\/\/mespack.com\/wp-content\/uploads\/2025\/05\/Well-Being-Carrusel-Linkedin-1080-x-1080-px.jpg","contentUrl":"https:\/\/mespack.com\/wp-content\/uploads\/2025\/05\/Well-Being-Carrusel-Linkedin-1080-x-1080-px.jpg","width":1080,"height":1080},{"@type":"BreadcrumbList","@id":"https:\/\/mespack.com\/es\/novedades\/mas-alla-de-la-caja-desempaquetando-el-poder-del-empaque-en-el-comportamiento-del-consumidor-final\/#breadcrumb","itemListElement":[{"@type":"ListItem","position":1,"name":"Home","item":"https:\/\/mespack.com\/es\/"},{"@type":"ListItem","position":2,"name":"M\u00e1s all\u00e1 de la caja: Desempaquetando el poder del empaque en el comportamiento del consumidor final"}]},{"@type":"WebSite","@id":"https:\/\/mespack.com\/es\/#website","url":"https:\/\/mespack.com\/es\/","name":"Mespack","description":"A Duravant Company","publisher":{"@id":"https:\/\/mespack.com\/es\/#organization"},"potentialAction":[{"@type":"SearchAction","target":{"@type":"EntryPoint","urlTemplate":"https:\/\/mespack.com\/es\/?s={search_term_string}"},"query-input":{"@type":"PropertyValueSpecification","valueRequired":true,"valueName":"search_term_string"}}],"inLanguage":"es"},{"@type":"Organization","@id":"https:\/\/mespack.com\/es\/#organization","name":"Mespack","url":"https:\/\/mespack.com\/es\/","logo":{"@type":"ImageObject","inLanguage":"es","@id":"https:\/\/mespack.com\/es\/#\/schema\/logo\/image\/","url":"https:\/\/mespack.com\/wp-content\/uploads\/2021\/07\/logo-mespack-1.svg","contentUrl":"https:\/\/mespack.com\/wp-content\/uploads\/2021\/07\/logo-mespack-1.svg","width":1,"height":1,"caption":"Mespack"},"image":{"@id":"https:\/\/mespack.com\/es\/#\/schema\/logo\/image\/"},"sameAs":["https:\/\/www.linkedin.com\/company\/mespack\/"]},{"@type":"Person","@id":"https:\/\/mespack.com\/es\/#\/schema\/person\/6c04e6d8ca9e469317c8066490c6c622","name":"monica"}]}},"_links":{"self":[{"href":"https:\/\/mespack.com\/es\/wp-json\/wp\/v2\/posts\/23192","targetHints":{"allow":["GET"]}}],"collection":[{"href":"https:\/\/mespack.com\/es\/wp-json\/wp\/v2\/posts"}],"about":[{"href":"https:\/\/mespack.com\/es\/wp-json\/wp\/v2\/types\/post"}],"author":[{"embeddable":true,"href":"https:\/\/mespack.com\/es\/wp-json\/wp\/v2\/users\/21"}],"replies":[{"embeddable":true,"href":"https:\/\/mespack.com\/es\/wp-json\/wp\/v2\/comments?post=23192"}],"version-history":[{"count":0,"href":"https:\/\/mespack.com\/es\/wp-json\/wp\/v2\/posts\/23192\/revisions"}],"wp:featuredmedia":[{"embeddable":true,"href":"https:\/\/mespack.com\/es\/wp-json\/wp\/v2\/media\/23154"}],"wp:attachment":[{"href":"https:\/\/mespack.com\/es\/wp-json\/wp\/v2\/media?parent=23192"}],"wp:term":[{"taxonomy":"category","embeddable":true,"href":"https:\/\/mespack.com\/es\/wp-json\/wp\/v2\/categories?post=23192"},{"taxonomy":"post_tag","embeddable":true,"href":"https:\/\/mespack.com\/es\/wp-json\/wp\/v2\/tags?post=23192"}],"curies":[{"name":"wp","href":"https:\/\/api.w.org\/{rel}","templated":true}]}}