{"id":20861,"date":"2024-08-19T10:12:26","date_gmt":"2024-08-19T09:12:26","guid":{"rendered":"https:\/\/mespack.com\/sin-categorizar\/ven-y-visitanos-en-afex-filipinas-en-pasay\/"},"modified":"2024-08-19T10:23:58","modified_gmt":"2024-08-19T09:23:58","slug":"ven-y-visitanos-en-afex-filipinas-en-pasay","status":"publish","type":"post","link":"https:\/\/mespack.com\/es\/novedades\/ven-y-visitanos-en-afex-filipinas-en-pasay\/","title":{"rendered":"Ven y vis\u00edtanos en AFEX Filipinas en Pasay"},"content":{"rendered":"\n<p>Nos complace participar en la <strong>ASIA FOOD EXPO 2024 en Filipinas.<\/strong> Celebrando 30 a\u00f1os de excelencia, AFEX ha sido un motor clave en el crecimiento de las industrias FIM (FMCG, Ingredientes y Fabricaci\u00f3n de Alimentos) en toda Asia. El evento se llevar\u00e1 a cabo del 4 al 7 de septiembre en el World Trade Center PH, en la ciudad de Pasay.&#13;\n&#13;\nEn nuestro stand, tendr\u00e1s la oportunidad de descubrir c\u00f3mo nuestras m\u00e1quinas de embalaje avanzadas\u2014reconocidas por su flexibilidad, fiabilidad y eficiencia\u2014pueden elevar tu producci\u00f3n. Ya sea que necesites soluciones para form-fill-seal horizontal, stick packs, embalaje en sachets, c\u00e1psulas solubles en agua o soluciones de fin de l\u00ednea, nuestro equipo est\u00e1 listo para asistirte.&#13;\n&#13;\nNo pierdas la oportunidad de ver c\u00f3mo Mespack y <strong>AUMPACK<\/strong> pueden apoyar tu negocio con soluciones de empaque sostenibles. \u00a1Nos vemos all\u00ed!&#13;\n&#13;\nNo dudes en contactar a nuestro Gerente de Ventas de \u00c1rea de Mespack, Juan Carmona, para organizar una cita durante el evento en <a rel=\"noopener\">juan.carmona@mespack.com<\/a> o al +34.627.998.909.&#13;\n&#13;\n<strong>Detalles del Evento:<\/strong>&#13;\n<ul>&#13;\n \t<li><strong>Fecha: 4 al 7 de septiembre de 2024<\/strong><\/li>&#13;\n \t<li><strong>Ubicaci\u00f3n: World Trade Center PH, Ciudad de Pasay, Filipinas<\/strong><\/li>&#13;\n \t<li><strong>Stand: 602<\/strong><\/li>&#13;\n<\/ul>&#13;\nGracias por tu continuo apoyo, y esperamos darte la bienvenida en la feria AFEX.<\/p>\n","protected":false},"excerpt":{"rendered":"<p>Nos complace participar en la ASIA FOOD EXPO 2024 en Filipinas. Celebrando 30 a\u00f1os de excelencia, AFEX ha sido un motor clave en el crecimiento de las industrias FIM (FMCG, Ingredientes y Fabricaci\u00f3n de Alimentos) en toda Asia. El evento se llevar\u00e1 a cabo del 4 al 7 de septiembre en el World Trade Center [&hellip;]<\/p>\n","protected":false},"author":21,"featured_media":20855,"comment_status":"closed","ping_status":"closed","sticky":false,"template":"","format":"standard","meta":{"_acf_changed":false,"footnotes":""},"categories":[367],"tags":[],"class_list":["post-20861","post","type-post","status-publish","format-standard","has-post-thumbnail","hentry","category-novedades"],"acf":[],"yoast_head":"<!-- This site is optimized with the Yoast SEO plugin v27.4 - https:\/\/yoast.com\/product\/yoast-seo-wordpress\/ -->\n<title>Ven y vis\u00edtanos en AFEX Filipinas en Pasay<\/title>\n<meta name=\"description\" content=\"Feria de empaques en Filipinas. Empaque flexible. Empaque sostenible.\" \/>\n<meta name=\"robots\" content=\"index, follow, max-snippet:-1, max-image-preview:large, max-video-preview:-1\" \/>\n<link rel=\"canonical\" href=\"https:\/\/mespack.com\/es\/novedades\/ven-y-visitanos-en-afex-filipinas-en-pasay\/\" \/>\n<meta property=\"og:locale\" content=\"es_ES\" \/>\n<meta property=\"og:type\" content=\"article\" \/>\n<meta property=\"og:title\" content=\"Ven y vis\u00edtanos en AFEX Filipinas en Pasay\" \/>\n<meta property=\"og:description\" content=\"Feria de empaques en Filipinas. Empaque flexible. Empaque sostenible.\" \/>\n<meta property=\"og:url\" content=\"https:\/\/mespack.com\/es\/novedades\/ven-y-visitanos-en-afex-filipinas-en-pasay\/\" \/>\n<meta property=\"og:site_name\" content=\"Mespack\" \/>\n<meta property=\"article:published_time\" content=\"2024-08-19T09:12:26+00:00\" \/>\n<meta property=\"article:modified_time\" content=\"2024-08-19T09:23:58+00:00\" \/>\n<meta property=\"og:image\" content=\"https:\/\/mespack.com\/wp-content\/uploads\/2024\/08\/AFEX-2024_Linkedin.png\" \/>\n\t<meta property=\"og:image:width\" content=\"1200\" \/>\n\t<meta property=\"og:image:height\" content=\"627\" \/>\n\t<meta property=\"og:image:type\" content=\"image\/png\" \/>\n<meta name=\"author\" content=\"monica\" \/>\n<meta name=\"twitter:card\" content=\"summary_large_image\" \/>\n<meta name=\"twitter:label1\" content=\"Escrito por\" \/>\n\t<meta name=\"twitter:data1\" content=\"monica\" \/>\n\t<meta name=\"twitter:label2\" content=\"Tiempo de lectura\" \/>\n\t<meta name=\"twitter:data2\" content=\"1 minuto\" \/>\n<script type=\"application\/ld+json\" class=\"yoast-schema-graph\">{\"@context\":\"https:\\\/\\\/schema.org\",\"@graph\":[{\"@type\":\"Article\",\"@id\":\"https:\\\/\\\/mespack.com\\\/es\\\/novedades\\\/ven-y-visitanos-en-afex-filipinas-en-pasay\\\/#article\",\"isPartOf\":{\"@id\":\"https:\\\/\\\/mespack.com\\\/es\\\/novedades\\\/ven-y-visitanos-en-afex-filipinas-en-pasay\\\/\"},\"author\":{\"name\":\"monica\",\"@id\":\"https:\\\/\\\/mespack.com\\\/es\\\/#\\\/schema\\\/person\\\/6c04e6d8ca9e469317c8066490c6c622\"},\"headline\":\"Ven y vis\u00edtanos en AFEX Filipinas en Pasay\",\"datePublished\":\"2024-08-19T09:12:26+00:00\",\"dateModified\":\"2024-08-19T09:23:58+00:00\",\"mainEntityOfPage\":{\"@id\":\"https:\\\/\\\/mespack.com\\\/es\\\/novedades\\\/ven-y-visitanos-en-afex-filipinas-en-pasay\\\/\"},\"wordCount\":213,\"publisher\":{\"@id\":\"https:\\\/\\\/mespack.com\\\/es\\\/#organization\"},\"image\":{\"@id\":\"https:\\\/\\\/mespack.com\\\/es\\\/novedades\\\/ven-y-visitanos-en-afex-filipinas-en-pasay\\\/#primaryimage\"},\"thumbnailUrl\":\"https:\\\/\\\/mespack.com\\\/wp-content\\\/uploads\\\/2024\\\/08\\\/AFEX-2024_Linkedin.png\",\"articleSection\":[\"Novedades\"],\"inLanguage\":\"es\"},{\"@type\":\"WebPage\",\"@id\":\"https:\\\/\\\/mespack.com\\\/es\\\/novedades\\\/ven-y-visitanos-en-afex-filipinas-en-pasay\\\/\",\"url\":\"https:\\\/\\\/mespack.com\\\/es\\\/novedades\\\/ven-y-visitanos-en-afex-filipinas-en-pasay\\\/\",\"name\":\"Ven y vis\u00edtanos en AFEX Filipinas en Pasay\",\"isPartOf\":{\"@id\":\"https:\\\/\\\/mespack.com\\\/es\\\/#website\"},\"primaryImageOfPage\":{\"@id\":\"https:\\\/\\\/mespack.com\\\/es\\\/novedades\\\/ven-y-visitanos-en-afex-filipinas-en-pasay\\\/#primaryimage\"},\"image\":{\"@id\":\"https:\\\/\\\/mespack.com\\\/es\\\/novedades\\\/ven-y-visitanos-en-afex-filipinas-en-pasay\\\/#primaryimage\"},\"thumbnailUrl\":\"https:\\\/\\\/mespack.com\\\/wp-content\\\/uploads\\\/2024\\\/08\\\/AFEX-2024_Linkedin.png\",\"datePublished\":\"2024-08-19T09:12:26+00:00\",\"dateModified\":\"2024-08-19T09:23:58+00:00\",\"description\":\"Feria de empaques en Filipinas. Empaque flexible. Empaque sostenible.\",\"breadcrumb\":{\"@id\":\"https:\\\/\\\/mespack.com\\\/es\\\/novedades\\\/ven-y-visitanos-en-afex-filipinas-en-pasay\\\/#breadcrumb\"},\"inLanguage\":\"es\",\"potentialAction\":[{\"@type\":\"ReadAction\",\"target\":[\"https:\\\/\\\/mespack.com\\\/es\\\/novedades\\\/ven-y-visitanos-en-afex-filipinas-en-pasay\\\/\"]}]},{\"@type\":\"ImageObject\",\"inLanguage\":\"es\",\"@id\":\"https:\\\/\\\/mespack.com\\\/es\\\/novedades\\\/ven-y-visitanos-en-afex-filipinas-en-pasay\\\/#primaryimage\",\"url\":\"https:\\\/\\\/mespack.com\\\/wp-content\\\/uploads\\\/2024\\\/08\\\/AFEX-2024_Linkedin.png\",\"contentUrl\":\"https:\\\/\\\/mespack.com\\\/wp-content\\\/uploads\\\/2024\\\/08\\\/AFEX-2024_Linkedin.png\",\"width\":1200,\"height\":627},{\"@type\":\"BreadcrumbList\",\"@id\":\"https:\\\/\\\/mespack.com\\\/es\\\/novedades\\\/ven-y-visitanos-en-afex-filipinas-en-pasay\\\/#breadcrumb\",\"itemListElement\":[{\"@type\":\"ListItem\",\"position\":1,\"name\":\"Home\",\"item\":\"https:\\\/\\\/mespack.com\\\/es\\\/\"},{\"@type\":\"ListItem\",\"position\":2,\"name\":\"Ven y vis\u00edtanos en AFEX Filipinas en Pasay\"}]},{\"@type\":\"WebSite\",\"@id\":\"https:\\\/\\\/mespack.com\\\/es\\\/#website\",\"url\":\"https:\\\/\\\/mespack.com\\\/es\\\/\",\"name\":\"Mespack\",\"description\":\"A Duravant Company\",\"publisher\":{\"@id\":\"https:\\\/\\\/mespack.com\\\/es\\\/#organization\"},\"potentialAction\":[{\"@type\":\"SearchAction\",\"target\":{\"@type\":\"EntryPoint\",\"urlTemplate\":\"https:\\\/\\\/mespack.com\\\/es\\\/?s={search_term_string}\"},\"query-input\":{\"@type\":\"PropertyValueSpecification\",\"valueRequired\":true,\"valueName\":\"search_term_string\"}}],\"inLanguage\":\"es\"},{\"@type\":\"Organization\",\"@id\":\"https:\\\/\\\/mespack.com\\\/es\\\/#organization\",\"name\":\"Mespack\",\"url\":\"https:\\\/\\\/mespack.com\\\/es\\\/\",\"logo\":{\"@type\":\"ImageObject\",\"inLanguage\":\"es\",\"@id\":\"https:\\\/\\\/mespack.com\\\/es\\\/#\\\/schema\\\/logo\\\/image\\\/\",\"url\":\"https:\\\/\\\/mespack.com\\\/wp-content\\\/uploads\\\/2021\\\/07\\\/logo-mespack-1.svg\",\"contentUrl\":\"https:\\\/\\\/mespack.com\\\/wp-content\\\/uploads\\\/2021\\\/07\\\/logo-mespack-1.svg\",\"width\":1,\"height\":1,\"caption\":\"Mespack\"},\"image\":{\"@id\":\"https:\\\/\\\/mespack.com\\\/es\\\/#\\\/schema\\\/logo\\\/image\\\/\"},\"sameAs\":[\"https:\\\/\\\/www.linkedin.com\\\/company\\\/mespack\\\/\"]},{\"@type\":\"Person\",\"@id\":\"https:\\\/\\\/mespack.com\\\/es\\\/#\\\/schema\\\/person\\\/6c04e6d8ca9e469317c8066490c6c622\",\"name\":\"monica\"}]}<\/script>\n<!-- \/ Yoast SEO plugin. -->","yoast_head_json":{"title":"Ven y vis\u00edtanos en AFEX Filipinas en Pasay","description":"Feria de empaques en Filipinas. Empaque flexible. Empaque sostenible.","robots":{"index":"index","follow":"follow","max-snippet":"max-snippet:-1","max-image-preview":"max-image-preview:large","max-video-preview":"max-video-preview:-1"},"canonical":"https:\/\/mespack.com\/es\/novedades\/ven-y-visitanos-en-afex-filipinas-en-pasay\/","og_locale":"es_ES","og_type":"article","og_title":"Ven y vis\u00edtanos en AFEX Filipinas en Pasay","og_description":"Feria de empaques en Filipinas. Empaque flexible. Empaque sostenible.","og_url":"https:\/\/mespack.com\/es\/novedades\/ven-y-visitanos-en-afex-filipinas-en-pasay\/","og_site_name":"Mespack","article_published_time":"2024-08-19T09:12:26+00:00","article_modified_time":"2024-08-19T09:23:58+00:00","og_image":[{"width":1200,"height":627,"url":"https:\/\/mespack.com\/wp-content\/uploads\/2024\/08\/AFEX-2024_Linkedin.png","type":"image\/png"}],"author":"monica","twitter_card":"summary_large_image","twitter_misc":{"Escrito por":"monica","Tiempo de lectura":"1 minuto"},"schema":{"@context":"https:\/\/schema.org","@graph":[{"@type":"Article","@id":"https:\/\/mespack.com\/es\/novedades\/ven-y-visitanos-en-afex-filipinas-en-pasay\/#article","isPartOf":{"@id":"https:\/\/mespack.com\/es\/novedades\/ven-y-visitanos-en-afex-filipinas-en-pasay\/"},"author":{"name":"monica","@id":"https:\/\/mespack.com\/es\/#\/schema\/person\/6c04e6d8ca9e469317c8066490c6c622"},"headline":"Ven y vis\u00edtanos en AFEX Filipinas en Pasay","datePublished":"2024-08-19T09:12:26+00:00","dateModified":"2024-08-19T09:23:58+00:00","mainEntityOfPage":{"@id":"https:\/\/mespack.com\/es\/novedades\/ven-y-visitanos-en-afex-filipinas-en-pasay\/"},"wordCount":213,"publisher":{"@id":"https:\/\/mespack.com\/es\/#organization"},"image":{"@id":"https:\/\/mespack.com\/es\/novedades\/ven-y-visitanos-en-afex-filipinas-en-pasay\/#primaryimage"},"thumbnailUrl":"https:\/\/mespack.com\/wp-content\/uploads\/2024\/08\/AFEX-2024_Linkedin.png","articleSection":["Novedades"],"inLanguage":"es"},{"@type":"WebPage","@id":"https:\/\/mespack.com\/es\/novedades\/ven-y-visitanos-en-afex-filipinas-en-pasay\/","url":"https:\/\/mespack.com\/es\/novedades\/ven-y-visitanos-en-afex-filipinas-en-pasay\/","name":"Ven y vis\u00edtanos en AFEX Filipinas en Pasay","isPartOf":{"@id":"https:\/\/mespack.com\/es\/#website"},"primaryImageOfPage":{"@id":"https:\/\/mespack.com\/es\/novedades\/ven-y-visitanos-en-afex-filipinas-en-pasay\/#primaryimage"},"image":{"@id":"https:\/\/mespack.com\/es\/novedades\/ven-y-visitanos-en-afex-filipinas-en-pasay\/#primaryimage"},"thumbnailUrl":"https:\/\/mespack.com\/wp-content\/uploads\/2024\/08\/AFEX-2024_Linkedin.png","datePublished":"2024-08-19T09:12:26+00:00","dateModified":"2024-08-19T09:23:58+00:00","description":"Feria de empaques en Filipinas. Empaque flexible. Empaque sostenible.","breadcrumb":{"@id":"https:\/\/mespack.com\/es\/novedades\/ven-y-visitanos-en-afex-filipinas-en-pasay\/#breadcrumb"},"inLanguage":"es","potentialAction":[{"@type":"ReadAction","target":["https:\/\/mespack.com\/es\/novedades\/ven-y-visitanos-en-afex-filipinas-en-pasay\/"]}]},{"@type":"ImageObject","inLanguage":"es","@id":"https:\/\/mespack.com\/es\/novedades\/ven-y-visitanos-en-afex-filipinas-en-pasay\/#primaryimage","url":"https:\/\/mespack.com\/wp-content\/uploads\/2024\/08\/AFEX-2024_Linkedin.png","contentUrl":"https:\/\/mespack.com\/wp-content\/uploads\/2024\/08\/AFEX-2024_Linkedin.png","width":1200,"height":627},{"@type":"BreadcrumbList","@id":"https:\/\/mespack.com\/es\/novedades\/ven-y-visitanos-en-afex-filipinas-en-pasay\/#breadcrumb","itemListElement":[{"@type":"ListItem","position":1,"name":"Home","item":"https:\/\/mespack.com\/es\/"},{"@type":"ListItem","position":2,"name":"Ven y vis\u00edtanos en AFEX Filipinas en Pasay"}]},{"@type":"WebSite","@id":"https:\/\/mespack.com\/es\/#website","url":"https:\/\/mespack.com\/es\/","name":"Mespack","description":"A Duravant Company","publisher":{"@id":"https:\/\/mespack.com\/es\/#organization"},"potentialAction":[{"@type":"SearchAction","target":{"@type":"EntryPoint","urlTemplate":"https:\/\/mespack.com\/es\/?s={search_term_string}"},"query-input":{"@type":"PropertyValueSpecification","valueRequired":true,"valueName":"search_term_string"}}],"inLanguage":"es"},{"@type":"Organization","@id":"https:\/\/mespack.com\/es\/#organization","name":"Mespack","url":"https:\/\/mespack.com\/es\/","logo":{"@type":"ImageObject","inLanguage":"es","@id":"https:\/\/mespack.com\/es\/#\/schema\/logo\/image\/","url":"https:\/\/mespack.com\/wp-content\/uploads\/2021\/07\/logo-mespack-1.svg","contentUrl":"https:\/\/mespack.com\/wp-content\/uploads\/2021\/07\/logo-mespack-1.svg","width":1,"height":1,"caption":"Mespack"},"image":{"@id":"https:\/\/mespack.com\/es\/#\/schema\/logo\/image\/"},"sameAs":["https:\/\/www.linkedin.com\/company\/mespack\/"]},{"@type":"Person","@id":"https:\/\/mespack.com\/es\/#\/schema\/person\/6c04e6d8ca9e469317c8066490c6c622","name":"monica"}]}},"_links":{"self":[{"href":"https:\/\/mespack.com\/es\/wp-json\/wp\/v2\/posts\/20861","targetHints":{"allow":["GET"]}}],"collection":[{"href":"https:\/\/mespack.com\/es\/wp-json\/wp\/v2\/posts"}],"about":[{"href":"https:\/\/mespack.com\/es\/wp-json\/wp\/v2\/types\/post"}],"author":[{"embeddable":true,"href":"https:\/\/mespack.com\/es\/wp-json\/wp\/v2\/users\/21"}],"replies":[{"embeddable":true,"href":"https:\/\/mespack.com\/es\/wp-json\/wp\/v2\/comments?post=20861"}],"version-history":[{"count":0,"href":"https:\/\/mespack.com\/es\/wp-json\/wp\/v2\/posts\/20861\/revisions"}],"wp:featuredmedia":[{"embeddable":true,"href":"https:\/\/mespack.com\/es\/wp-json\/wp\/v2\/media\/20855"}],"wp:attachment":[{"href":"https:\/\/mespack.com\/es\/wp-json\/wp\/v2\/media?parent=20861"}],"wp:term":[{"taxonomy":"category","embeddable":true,"href":"https:\/\/mespack.com\/es\/wp-json\/wp\/v2\/categories?post=20861"},{"taxonomy":"post_tag","embeddable":true,"href":"https:\/\/mespack.com\/es\/wp-json\/wp\/v2\/tags?post=20861"}],"curies":[{"name":"wp","href":"https:\/\/api.w.org\/{rel}","templated":true}]}}